{"id":39,"date":"2022-08-21T19:39:58","date_gmt":"2022-08-21T22:39:58","guid":{"rendered":"https:\/\/camarabarras.pi.gov.br\/?p=39"},"modified":"2022-08-21T19:40:00","modified_gmt":"2022-08-21T22:40:00","slug":"sessao-solene-homenageia-os-60-anos-da-regulamentacao-da-psicologia-no-brasil","status":"publish","type":"post","link":"https:\/\/camaramontealegredopiaui.pi.gov.br\/index.php\/2022\/08\/21\/sessao-solene-homenageia-os-60-anos-da-regulamentacao-da-psicologia-no-brasil\/","title":{"rendered":"Sess\u00e3o Solene homenageia os 60 anos da regulamenta\u00e7\u00e3o da Psicologia no Brasil"},"content":{"rendered":"\n<p>Em comemora\u00e7\u00e3o aos 60 anos da regulamenta\u00e7\u00e3o do profissional de Psicologia no Brasil, a Assembleia Legislativa do Piau\u00ed (Alepi) realizou sess\u00e3o solene na manh\u00e3 desta quinta-feira (18) no Plen\u00e1rio Deputado Waldemar Mac\u00eado. Entre os participantes estavam os deputados estaduais F\u00e1bio Novo (PT), autor do requerimento, Francisco Limma (PT) e Teresa Britto (PV).&nbsp;A deputada federal Rejane Dias (PT), em carta lida por F\u00e1bio Novo, salientou que a Psicologia tem evolu\u00eddo, produzido muito conhecimento ao longo dos anos para enfrentar os desafios que os cidad\u00e3os e a sociedade t\u00eam enfrentado. Ela disse que a a\u00e7\u00e3o desses profissionais ficou mais evidente durante a pandemia da Covid-19, quando se ampliou a incid\u00eancia de transtornos.<br><br>F\u00e1bio Novo, tamb\u00e9m usando como exemplo o per\u00edodo pand\u00eamico, destacou a import\u00e2ncia da sa\u00fade mental e disse que a \u201cvolta \u00e0 normalidade s\u00f3 ser\u00e1 poss\u00edvel com pol\u00edticas p\u00fablicas tanto no \u00e2mbito federal quanto estadual e tamb\u00e9m municipal. Essas pol\u00edticas devem ser fortalecidas. Fortalecer a psicologia, sem sombra de d\u00favidas, \u00e9 fortalecer tamb\u00e9m a nossa sociedade\u201d.&nbsp;Teresa Britto, que tem forma\u00e7\u00e3o como psic\u00f3loga, afirmou que a \u00e1rea \u00e9 uma das mais belas, pois tem \u201co poder de compreender, ouvir, ver, sem condenar, de trabalhar os conflitos para tentar equilibrar\u201d. Para a parlamentar, \u00e9 importante haver lutas para que haja mais psic\u00f3logos nos hospitais e na educa\u00e7\u00e3o e que a Assembleia est\u00e1 de portas abertas para debater ideias e desenvolver projetos.<\/p>\n\n\n\n<p><br>O deputado Francisco Limma afirmou que vivemos um per\u00edodo em que as profiss\u00f5es que compreendem a subjetividade humana est\u00e3o cada vez mais fortes e s\u00e3o cada vez mais necess\u00e1rias. O parlamentar defendeu que o mundo vive um momento que merece muitas reflex\u00f5es, e uma delas \u00e9 que as quest\u00f5es materiais n\u00e3o s\u00e3o mais o centro de import\u00e2ncia para a vida, e sim o ser humano como um todo.&nbsp;Em discurso, a psic\u00f3loga Juliana Maia, presidente do Conselho Regional de Psicologia (CRP-PI), comentou sobre o hist\u00f3rico da profiss\u00e3o no Estado, ressaltando fatos como a implanta\u00e7\u00e3o de cursos de gradua\u00e7\u00e3o e o aumento do n\u00famero de psic\u00f3logos em atividade.&nbsp;<\/p>\n\n\n\n<p><br>\u201cNa medida em que a profiss\u00e3o ganhou espa\u00e7o houve tamb\u00e9m uma descentraliza\u00e7\u00e3o dos cursos de gradua\u00e7\u00e3o. Por\u00e9m h\u00e1 a oferta de apenas dois cursos em institui\u00e7\u00f5es p\u00fablicas no Estado\u201d, contextualizou.&nbsp;&nbsp;A presidente destacou a import\u00e2ncia do CRP nos debates sobre conquistas profissionais. \u201cO Conselho se engaja nas lutas por melhorias para a categoria como a situa\u00e7\u00e3o da carga hor\u00e1ria no Estado. Estamos em busca de outras demandas como o piso salarial e a luta por espa\u00e7o nos concursos p\u00fablicos. O Poder Legislativo tem sido um importante aliado nas lutas da Psicologia\u201d, disse.<\/p>\n\n\n\n<p>A professora da Universidade Federal do Rio de Janeiro (UFRJ) Anna Carolina Lo Bianco, vice-presidente do Conselho Federal de Psicologia (CFP), afirmou que a entidade reafirma o compromisso com a atividade da Psicologia no Piau\u00ed. \u201cH\u00e1 um compromisso do CFP com os demais conselhos e tamb\u00e9m a servi\u00e7o da Justi\u00e7a Social\u201d, pontuou.&nbsp;&nbsp;A representante do Conselho Federal analisou ainda o protagonismo da Psicologia na luta antimanicomial no Brasil e em importantes pol\u00edticas p\u00fablicas na \u00e1rea da sa\u00fade.&nbsp;<\/p>\n\n\n\n<p>O presidente da Funda\u00e7\u00e3o Estatal Piauiense de Servi\u00e7os Hospitalares (FEPISERH) \u00cdtalo Rodrigues, que na ocasi\u00e3o representou a governadora do Estado Regina Sousa, salientou a relev\u00e2ncia do trabalho dos psic\u00f3logos durante a pandemia da Covid-19 e destacou que o governo do Piau\u00ed reconhece e valoriza o trabalho dos profissionais da Psicologia.&nbsp;&nbsp;Ainda durante a sess\u00e3o, os deputados F\u00e1bio Novo (PT) e Teresa Britto (PV) foram agraciados com uma medalha comemorativa pelo apoio na defesa dos interesses da categoria. A entidade tamb\u00e9m agraciou outros profissionais da classe.<\/p>\n\n\n\n<p><strong>Apresenta\u00e7\u00e3o cultural<\/strong><\/p>\n\n\n\n<p>&nbsp;Ao final da sess\u00e3o solene, aconteceu a apresenta\u00e7\u00e3o cultural \u201cMajestosas do Sert\u00e3o\u201d, realizada pelo Grupo Supera\u00e7\u00e3o que trabalha com mulheres em situa\u00e7\u00e3o de vulnerabilidade em Teresina.&nbsp;&nbsp;\u201cEssa apresenta\u00e7\u00e3o tem como objetivo enaltecer e valorizar a cultura nordestina, al\u00e9m de oferecer \u00e0s mulheres atendidas mais conhecimento sobre a cultura. Al\u00e9m da dan\u00e7a, no grupo Supera\u00e7\u00e3o as mulheres atendidas tamb\u00e9m fazem trabalhos de bordado, pintura e outras formas de arte\u201d, explicou Leda Frota, facilitadora do Servi\u00e7o de Conviv\u00eancia e fortalecimento de v\u00ednculos dos grupos pela Funda\u00e7\u00e3o Padre Ant\u00f4nio Dante Civiero (FUNACI).&nbsp;<\/p>\n\n\n\n<p>&nbsp;FUNACI \u00e9 uma institui\u00e7\u00e3o sem fins lucrativos e com a proposta de prestar servi\u00e7os sociais para comunidades carentes.<\/p>\n\n\n\n<p>Tamb\u00e9m participaram da Sess\u00e3o Solene Jamylle Alencar, Conselheira Federal da OAB-PI, Ariana Sousa, gerente do Centro de Valoriza\u00e7\u00e3o para Popula\u00e7\u00e3o em Situa\u00e7\u00e3o de Rua, Claudia Aline, presidente da comiss\u00e3o de Tanatologia do Conselho Regional de Psicologia do Piau\u00ed, Rodrigo Amorim, presidente do Conselho Federal de Fisioterapia e Terapia Ocupacional (CREFITO-14), Monise Gomes Serpa, psic\u00f3loga, e Samuel R\u00eago, presidente do Sindicato dos M\u00e9dicos do Estado do Piau\u00ed.<\/p>\n","protected":false},"excerpt":{"rendered":"<p>Em comemora\u00e7\u00e3o aos 60 anos da regulamenta\u00e7\u00e3o do profissional de Psicologia no Brasil, a Assembleia Legislativa do Piau\u00ed (Alepi) realizou sess\u00e3o solene na manh\u00e3 desta quinta-feira (18) no Plen\u00e1rio Deputado&hellip; <\/p>\n","protected":false},"author":1,"featured_media":40,"comment_status":"open","ping_status":"open","sticky":false,"template":"","format":"standard","meta":{"footnotes":""},"categories":[6],"tags":[],"class_list":["post-39","post","type-post","status-publish","format-standard","has-post-thumbnail","hentry","category-assembleia-legislativa"],"_links":{"self":[{"href":"https:\/\/camaramontealegredopiaui.pi.gov.br\/index.php\/wp-json\/wp\/v2\/posts\/39","targetHints":{"allow":["GET"]}}],"collection":[{"href":"https:\/\/camaramontealegredopiaui.pi.gov.br\/index.php\/wp-json\/wp\/v2\/posts"}],"about":[{"href":"https:\/\/camaramontealegredopiaui.pi.gov.br\/index.php\/wp-json\/wp\/v2\/types\/post"}],"author":[{"embeddable":true,"href":"https:\/\/camaramontealegredopiaui.pi.gov.br\/index.php\/wp-json\/wp\/v2\/users\/1"}],"replies":[{"embeddable":true,"href":"https:\/\/camaramontealegredopiaui.pi.gov.br\/index.php\/wp-json\/wp\/v2\/comments?post=39"}],"version-history":[{"count":1,"href":"https:\/\/camaramontealegredopiaui.pi.gov.br\/index.php\/wp-json\/wp\/v2\/posts\/39\/revisions"}],"predecessor-version":[{"id":41,"href":"https:\/\/camaramontealegredopiaui.pi.gov.br\/index.php\/wp-json\/wp\/v2\/posts\/39\/revisions\/41"}],"wp:featuredmedia":[{"embeddable":true,"href":"https:\/\/camaramontealegredopiaui.pi.gov.br\/index.php\/wp-json\/wp\/v2\/media\/40"}],"wp:attachment":[{"href":"https:\/\/camaramontealegredopiaui.pi.gov.br\/index.php\/wp-json\/wp\/v2\/media?parent=39"}],"wp:term":[{"taxonomy":"category","embeddable":true,"href":"https:\/\/camaramontealegredopiaui.pi.gov.br\/index.php\/wp-json\/wp\/v2\/categories?post=39"},{"taxonomy":"post_tag","embeddable":true,"href":"https:\/\/camaramontealegredopiaui.pi.gov.br\/index.php\/wp-json\/wp\/v2\/tags?post=39"}],"curies":[{"name":"wp","href":"https:\/\/api.w.org\/{rel}","templated":true}]}}